{"id":1766,"date":"2025-09-26T12:34:05","date_gmt":"2025-09-26T12:34:05","guid":{"rendered":"https:\/\/douniazellou.com\/2025\/09\/26\/de-la-piste-de-danse-a-la-salle-de-reunion-transformer-le-leadership-par-la-formation-basee-sur-le-mouvement\/"},"modified":"2025-10-31T13:16:01","modified_gmt":"2025-10-31T13:16:01","slug":"de-la-piste-de-danse-a-la-salle-de-reunion-transformer-le-leadership-par-la-formation-basee-sur-le-mouvement","status":"publish","type":"post","link":"https:\/\/douniazellou.com\/fr\/2025\/09\/26\/de-la-piste-de-danse-a-la-salle-de-reunion-transformer-le-leadership-par-la-formation-basee-sur-le-mouvement\/","title":{"rendered":"De la piste de danse \u00e0 la salle de r\u00e9union : transformer le leadership par le mouvement"},"content":{"rendered":"\n<p>La nature du leadership \u00e9volue. Dans un contexte de changement constant et de transformation du monde du travail, les qualit\u00e9s traditionnelles n\u00e9cessaires au leadership ne suffisent plus. Les leaders d\u2019aujourd\u2019hui doivent \u00eatre agiles, cr\u00e9atifs, dot\u00e9s d&rsquo;intelligence \u00e9motionnelle et capables de f\u00e9d\u00e9rer des \u00e9quipes de plus en plus diverses et globales, dans un monde uncertain.  <\/p>\n\n<p>Pour relever ces d\u00e9fis, le d\u00e9veloppement du leadership doit adopter des approches innovantes permettant aux organisations de prosp\u00e9rer \u00e0 l\u2019\u00e8re moderne.<\/p>\n\n<p>L\u2019une des approches que j\u2019int\u00e8gre dans mes coachings et formations est le <strong>d\u00e9veloppement du leadership \u00e0 travers la danse et le mouvement<\/strong> \u2014 une m\u00e9thode exp\u00e9rientielle et transformative qui permet aux leaders de lib\u00e9rer plainement leur potentiel. Cette approche favorise une croissance personnelle profonde et durable tout en apportant des b\u00e9n\u00e9fices mesurables aux organisations, aidant les leaders \u00e0 r\u00e9pondre aux exigences d\u2019un monde complexe et interconnect\u00e9. <\/p>\n\n<hr class=\"wp-block-separator has-alpha-channel-opacity\"\/>\n\n<p><strong>Le leadership en mouvement : pourquoi la danse ?<\/strong><\/p>\n\n<p>Le leadership en 2025 requiert de nouvelles comp\u00e9tences. Le rapport Workforce 2024 Global Insights de Korn Ferry souligne le besoin croissant pour les leaders d\u2019\u00eatre des apprenants agiles, des visionnaires inclusifs et des innovateurs ma\u00eetrisant la technologie, afin de relever les d\u00e9fis de demain et de renforcer la r\u00e9silience organisationnelle. <\/p>\n\n<p>Les recherches en neurosciences et en pratiques somatiques ont r\u00e9v\u00e9l\u00e9 le potentiel transformateur de la danse dans le d\u00e9veloppement du leadership. En tant que pratique, la danse int\u00e8gre les dimensions mentales, physiques, \u00e9motionnelles et \u00e9nerg\u00e9tiques. <\/p>\n\n<p>Les chercheurs Zeitner, Rowe et Jackson soulignent que \u00ab le corps en mouvement offre des opportunit\u00e9s claires pour organiser les individus de mani\u00e8re collaborative, innovante et expressive dans une action transformatrice. Permettre \u00e0 ces opportunit\u00e9s d\u2019\u00e9merger peut n\u00e9cessiter des exp\u00e9riences \u00e9ducatives bas\u00e9es sur la danse qui r\u00e9v\u00e8lent et consolident des pratiques de leadership efficaces. \u00bb<\/p>\n\n<p>Peter Lovatt, pionnier de la psychologie de la danse, met en \u00e9vidence :<\/p>\n\n<p><em>\u00ab La danse improvis\u00e9e stimule la pens\u00e9e divergente, aidant les individus \u00e0 aborder les probl\u00e8mes avec cr\u00e9ativit\u00e9 et flexibilit\u00e9. \u00bb<\/em><\/p>\n\n<p>Les recherches de Lovatt ont montr\u00e9 que la danse am\u00e9liore non seulement les capacit\u00e9s de r\u00e9solution de probl\u00e8mes, mais renforce \u00e9galement la r\u00e9silience, la communication et l\u2019intelligence \u00e9motionnelle \u2014 des qualit\u00e9s essentielles pour les leaders modernes.<\/p>\n\n<hr class=\"wp-block-separator has-alpha-channel-opacity\"\/>\n\n<p><strong>Les b\u00e9n\u00e9fices de la formation au leadership bas\u00e9e sur la danse<\/strong><\/p>\n\n<p><strong>D\u00e9veloppe l\u2019intelligence \u00e9motionnelle (IE)<\/strong><br\/>Les leaders doivent naviguer dans des dynamiques interpersonnelles complexes avec empathie et conscience. La danse favorise une intelligence \u00e9motionnelle accrue en incitant les participants \u00e0 se connecter \u00e0 leurs propres \u00e9motions ainsi qu\u2019aux signaux non verbaux des autres. Cette conscience incarn\u00e9e renforce les relations interpersonnelles et la coh\u00e9sion d\u2019\u00e9quipe.  <\/p>\n\n<p><strong>2. Encourage l\u2019adaptabilit\u00e9 et la r\u00e9silience<\/strong><br\/>L\u2019impr\u00e9visibilit\u00e9 de la danse refl\u00e8te les d\u00e9fis du monde r\u00e9el. Les leaders apprennent \u00e0 s\u2019adapter aux rythmes, environnements et contraintes changeants, cultivant ainsi la r\u00e9silience et la capacit\u00e9 \u00e0 se remettre avec gr\u00e2ce des revers. <\/p>\n\n<p><strong>3. Stimule la cr\u00e9ativit\u00e9 et l\u2019innovation<\/strong><br\/>La danse exige une improvisation et une exploration constantes, permettant aux leaders de penser diff\u00e9remment et d\u2019aborder les probl\u00e8mes sous de nouvelles perspectives. Cet \u00e9tat d\u2019esprit cr\u00e9atif se traduit directement par l\u2019innovation et l\u2019agilit\u00e9 au sein de l\u2019entreprise. <\/p>\n\n<p><strong>4. Favorise l\u2019authenticit\u00e9, la pr\u00e9sence et la confiance<\/strong><br\/>\u00c0 travers le mouvement, les leaders d\u00e9veloppent une conscience de soi et un alignement plus profonds. Cette incarnation renforce leur pr\u00e9sence de leadership, inspire la confiance et motive ceux qu\u2019ils dirigent. <\/p>\n\n<p><strong>5. Renforce la confiance et la collaboration<\/strong><br\/>La formation bas\u00e9e sur la danse cr\u00e9e un espace \u00e9galitaire o\u00f9 la hi\u00e9rarchie s\u2019efface, favorisant le respect mutuel et la confiance. En bougeant ensemble, les \u00e9quipes d\u00e9veloppent des liens plus profonds, am\u00e9liorant la collaboration et le sens du but commun. <\/p>\n\n<p><strong>6. Favorise la compr\u00e9hension interculturelle<\/strong><br\/>La danse, langage universel, comble les divisions culturelles. Les programmes de formation int\u00e9grant des danses issues de diverses traditions encouragent l\u2019inclusion, la sensibilit\u00e9 culturelle et la collaboration interculturelle. <\/p>\n\n<p><strong>7. G\u00e8re le stress et am\u00e9liore le bien-\u00eatre<\/strong><br\/>La lib\u00e9ration physique et \u00e9motionnelle qu\u2019offre la danse aide les leaders \u00e0 g\u00e9rer le stress et \u00e0 rester ancr\u00e9s. En se reconnectant \u00e0 leur corps, ils d\u00e9veloppent des outils pour diriger avec clart\u00e9, m\u00eame sous pression. <\/p>\n\n<hr class=\"wp-block-separator has-alpha-channel-opacity\"\/>\n\n<p><strong>Le leadership incarn\u00e9 en action<\/strong><\/p>\n\n<p>Strozzi, un leader dans les pratiques somatiques, souligne que <em>\u00ab l\u2019apprentissage incarn\u00e9 cr\u00e9e la transformation \u00bb<\/em>. Ses travaux montrent que l\u2019implication de l\u2019\u00eatre tout entier \u2014 esprit, corps et \u00e9motions \u2014 permet de passer d\u2019habitudes r\u00e9actives \u00e0 un leadership proactif et ma\u00eetris\u00e9. Ces changements sont profonds et durables, car ils reprogramment les r\u00e9ponses habituelles du corps face au stress. <\/p>\n\n<p>De plus, une \u00e9tude publi\u00e9e dans <em>Leadership as Dance <\/em>a d\u00e9montr\u00e9 que les participants \u00e0 des programmes de leadership bas\u00e9s sur la danse ont montr\u00e9 des am\u00e9liorations mesurables en mati\u00e8re de pr\u00e9sence, de r\u00e9silience et de communication interpersonnelle. Les participants ont \u00e9galement indiqu\u00e9 se sentir plus en phase avec leurs \u00e9quipes et capables de favoriser une culture organisationnelle positive. <\/p>\n\n<hr class=\"wp-block-separator has-alpha-channel-opacity\"\/>\n\n<p><strong>Applications pratiques pour l\u2019apprentissage et le d\u00e9veloppement<\/strong><\/p>\n\n<p>Les professionnels de l\u2019apprentissage et du d\u00e9veloppement jouent un r\u00f4le essentiel dans la conception des strat\u00e9gies de d\u00e9veloppement du leadership. La formation bas\u00e9e sur la danse offre des applications pratiques et adaptables pour les organisations : <\/p>\n\n<ul class=\"wp-block-list\">\n<li><strong>Ateliers sur l\u2019intelligence \u00e9motionnelle <\/strong>\u2013 Introduire des exercices de mouvement pour aider les leaders \u00e0 pratiquer l\u2019empathie et augmenter la conscience de leur communication non verbale.<\/li>\n\n\n\n<li><strong>Formation \u00e0 la r\u00e9silience et \u00e0 l\u2019adaptabilit\u00e9<\/strong> \u2013 Utiliser la danse improvis\u00e9e pour simuler des d\u00e9fis r\u00e9els et d\u00e9velopper l&rsquo;agilit\u00e9 et l\u00a0\u00bbadaptabilit\u00e9 dans des contextes changeants.<\/li>\n\n\n\n<li><strong>Programmes de coh\u00e9sion d\u2019\u00e9quipe<\/strong> \u2013 Favoriser la collaboration et la confiance gr\u00e2ce \u00e0 des activit\u00e9s de danse en groupe mettant l\u2019accent sur la connexion et la r\u00e9solution collective de probl\u00e8mes.<\/li>\n\n\n\n<li><strong>Sessions de communication interculturelle<\/strong> \u2013 Int\u00e9grer des danses issues de diff\u00e9rentes traditions pour encourager la compr\u00e9hension mutuelle et l\u2019inclusion.<\/li>\n<\/ul>\n\n<hr class=\"wp-block-separator has-alpha-channel-opacity\"\/>\n\n<p><strong>T\u00e9moignages de la piste de danse<\/strong><\/p>\n\n<p>Sara, coach professionnelle ayant particip\u00e9 \u00e0 une s\u00e9ance de coaching, a partag\u00e9 :<\/p>\n\n<p><em>\u00ab Ce fut un voyage profond\u00e9ment lib\u00e9rateur et puissant o\u00f9 mon esprit et mon corps ont travaill\u00e9 en harmonie pour m\u2019aider \u00e0 surmonter mon d\u00e9fi, \u00e0 clarifier ma voie et \u00e0 renforcer mon engagement envers moi-m\u00eame. \u00bb<\/em><\/p>\n\n<p>Charlotte, vice-pr\u00e9sidente d\u2019une organisation de femmes entrepreneures en France, est revenue sur un atelier de d\u00e9veloppement du leadership que j\u2019ai anim\u00e9 :<\/p>\n\n<p><em>\u00ab Cet atelier a offert \u00e0 nos membres une occasion unique de lib\u00e9rer leur potentiel et d\u2019adopter leur style de leadership authentique. Il a eu un impact particuli\u00e8rement fort sur notre organisation, offrant une mani\u00e8re concr\u00e8te de favoriser les liens et la croissance. \u00bb<\/em><\/p>\n\n<hr class=\"wp-block-separator has-alpha-channel-opacity\"\/>\n\n<p><strong>Un appel \u00e0 l\u2019action pour les responsables RH et Formation &amp; D\u00e9veloppement<\/strong><\/p>\n\n<p>Le leadership n\u2019est pas seulement un ensemble de comp\u00e9tences, mais un \u00e9tat d\u2019\u00eatre. Pour pr\u00e9parer les leaders aux d\u00e9fis de demain, les professionnels des ressources humaines et de la formation doivent adopter des m\u00e9thodes innovantes telles que la formation utilisant la danse, le mouvement et les arts au sens plus large. En engageant l\u2019\u00eatre dans sa globalit\u00e9 \u2014 esprit, corps, \u00e9nergie et \u00e9motions \u2014 la danse ouvre de nouvelles possibilit\u00e9s de transformation individuelle et organisationnelle.  <\/p>\n\n<p>Comme l\u2019a si bien dit Warren Bennis :<\/p>\n\n<p><em>\u00ab Les leaders doivent encourager leurs organisations \u00e0 danser sur des formes de musique qui n\u2019ont pas encore \u00e9t\u00e9 entendues. \u00bb<\/em><\/p>\n\n<p>Il est temps de diriger avec mouvement, cr\u00e9ativit\u00e9 et connexion.<\/p>\n\n<hr class=\"wp-block-separator has-alpha-channel-opacity\"\/>\n\n<p><strong>R\u00e9servez une conf\u00e9rence anim\u00e9e par Dounia Zellou pour votre prochain \u00e9v\u00e9nement ou programme<\/strong><\/p>\n\n<p>Je con\u00e7ois et anime des <strong>programmes de leadership transformationnel<\/strong>, du <strong>coaching ex\u00e9cutif <\/strong>et <strong>des conf\u00e9rences<\/strong> dans le monde entier. Ma m\u00e9thodologie combine la science du leadership et l\u2019art du mouvement, cr\u00e9ant des exp\u00e9riences inoubliables qui g\u00e9n\u00e8rent un changement durable. <\/p>\n\n<p>\ud83d\udce9 <strong><a href=\"https:\/\/www.douniazellou.com\/fr\/contact\">Contactez-moi<\/a> <\/strong>pour d\u00e9couvrir comment je peux int\u00e9grer la formation au leadership par le mouvement \u00e0 votre conf\u00e9rence, s\u00e9minaire ex\u00e9cutif ou initiative de transformation organisationnelle.<\/p>\n\n<hr class=\"wp-block-separator has-alpha-channel-opacity\"\/>\n\n<p><strong>R\u00e9f\u00e9rences<\/strong><\/p>\n\n<ul class=\"wp-block-list\">\n<li>Korn Ferry. <em>Rapport mondial sur les perspectives de la main-d\u2019\u0153uvre 2024.<\/em><\/li>\n\n\n\n<li>Peter Lovatt. <em>Recherche en psychologie de la danse.<\/em><\/li>\n\n\n\n<li>Strozzi Institute. <em>Pratiques d\u2019apprentissage incarn\u00e9.<\/em><\/li>\n\n\n\n<li>Zeitner, Rowe, &amp; Jackson. <em>Leadership incarn\u00e9 et embodiment : apprentissage exp\u00e9rientiel dans la danse et la formation au leadership.<\/em><\/li>\n\n\n\n<li>Sandberg, Stasewitsch, &amp; Pr\u00fcmper. <em>Le leadership comme danse : une \u00e9tude mixte sur le d\u00e9veloppement du leadership fond\u00e9 sur l\u2019art.<\/em><\/li>\n\n\n\n<li>Harvard Business. <em>Les dix comp\u00e9tences en leadership les plus recherch\u00e9es pour l\u2019avenir du travail.<\/em><\/li>\n\n\n\n<li>Korn Ferry. <em>Les cinq tendances en leadership qui fa\u00e7onneront 2025.<\/em><\/li>\n\n\n\n<li>Hena Inam. <em>Dirigez avec votre corps en t\u00eate.<\/em><\/li>\n\n\n\n<li>Michael Yip. <em>Ce que les leaders peuvent apprendre de la danse.<\/em><\/li>\n\n\n\n<li>Academy Ballet. <em>Les danseurs font d\u2019excellents leaders.<\/em><\/li>\n<\/ul>\n\n<p><\/p>\n","protected":false},"excerpt":{"rendered":"<p>La nature du leadership \u00e9volue. Dans un contexte de changement constant et de transformation du monde du travail, les qualit\u00e9s traditionnelles n\u00e9cessaires au leadership ne suffisent plus. Les leaders d\u2019aujourd\u2019hui&#8230;<\/p>\n","protected":false},"author":2,"featured_media":1765,"comment_status":"open","ping_status":"open","sticky":false,"template":"","format":"standard","meta":{"footnotes":""},"categories":[8],"tags":[],"class_list":{"0":"post-1766","1":"post","2":"type-post","3":"status-publish","4":"format-standard","5":"has-post-thumbnail","7":"category-non-categorise"},"_links":{"self":[{"href":"https:\/\/douniazellou.com\/fr\/wp-json\/wp\/v2\/posts\/1766","targetHints":{"allow":["GET"]}}],"collection":[{"href":"https:\/\/douniazellou.com\/fr\/wp-json\/wp\/v2\/posts"}],"about":[{"href":"https:\/\/douniazellou.com\/fr\/wp-json\/wp\/v2\/types\/post"}],"author":[{"embeddable":true,"href":"https:\/\/douniazellou.com\/fr\/wp-json\/wp\/v2\/users\/2"}],"replies":[{"embeddable":true,"href":"https:\/\/douniazellou.com\/fr\/wp-json\/wp\/v2\/comments?post=1766"}],"version-history":[{"count":3,"href":"https:\/\/douniazellou.com\/fr\/wp-json\/wp\/v2\/posts\/1766\/revisions"}],"predecessor-version":[{"id":1854,"href":"https:\/\/douniazellou.com\/fr\/wp-json\/wp\/v2\/posts\/1766\/revisions\/1854"}],"wp:featuredmedia":[{"embeddable":true,"href":"https:\/\/douniazellou.com\/fr\/wp-json\/wp\/v2\/media\/1765"}],"wp:attachment":[{"href":"https:\/\/douniazellou.com\/fr\/wp-json\/wp\/v2\/media?parent=1766"}],"wp:term":[{"taxonomy":"category","embeddable":true,"href":"https:\/\/douniazellou.com\/fr\/wp-json\/wp\/v2\/categories?post=1766"},{"taxonomy":"post_tag","embeddable":true,"href":"https:\/\/douniazellou.com\/fr\/wp-json\/wp\/v2\/tags?post=1766"}],"curies":[{"name":"wp","href":"https:\/\/api.w.org\/{rel}","templated":true}]}}